{"id":9564,"date":"2016-02-04T16:41:57","date_gmt":"2016-02-04T15:41:57","guid":{"rendered":"https:\/\/ff.unze.ba\/?p=9564"},"modified":"2016-02-04T16:41:57","modified_gmt":"2016-02-04T15:41:57","slug":"rezultati-ispita-iz-predmeta-nastava-turskog-jezika-i-odrzanog-27-01-2016-godine","status":"publish","type":"post","link":"https:\/\/ff.unze.ba\/en\/the-results-of-the-exam-in-the-subject-of-turkish-language-teaching-held-on-january-27-2016\/","title":{"rendered":"Results of the exam from the subject Teaching Turkish language I held on January 27, 2016. years."},"content":{"rendered":"<table>\n<tbody>\n<tr>\n<td width=\"319\">1. Ece Babus<\/td>\n<td style=\"text-align: center;\" width=\"319\">10 (ten)<\/td>\n<\/tr>\n<tr>\n<td width=\"319\">2. Ajla Hekic<\/td>\n<td style=\"text-align: center;\" width=\"319\">10 (ten)<\/td>\n<\/tr>\n<tr>\n<td width=\"319\">3. Esma Mestrovac<\/td>\n<td style=\"text-align: center;\" width=\"319\">10 (ten)<\/td>\n<\/tr>\n<tr>\n<td width=\"319\">4. Emira Krehi\u0107<\/td>\n<td style=\"text-align: center;\" width=\"319\">10 (ten)<\/td>\n<\/tr>\n<tr>\n<td width=\"319\">5. Amila Arnaut<\/td>\n<td style=\"text-align: center;\" width=\"319\">10 (ten)<\/td>\n<\/tr>\n<tr>\n<td width=\"319\">6. Zeyneba Celenko<\/td>\n<td style=\"text-align: center;\" width=\"319\">10 (ten)<\/td>\n<\/tr>\n<tr>\n<td width=\"319\">7. Sumeja Shahdan<\/td>\n<td style=\"text-align: center;\" width=\"319\">9 (nine)<\/td>\n<\/tr>\n<tr>\n<td width=\"319\">8. Hata Trako<\/td>\n<td style=\"text-align: center;\" width=\"319\">10 (ten)<\/td>\n<\/tr>\n<tr>\n<td width=\"319\">9. Amina Varupa<\/td>\n<td style=\"text-align: center;\" width=\"319\">10 (ten)<\/td>\n<\/tr>\n<tr>\n<td width=\"319\">10. Nejra Telalovi\u0107<\/td>\n<td style=\"text-align: center;\" width=\"319\">9 (nine)<\/td>\n<\/tr>\n<tr>\n<td width=\"319\">11. Ajla Ajdinovi\u0107<\/td>\n<td style=\"text-align: center;\" width=\"319\">9 (nine)<\/td>\n<\/tr>\n<tr>\n<td width=\"319\">12. Aida Valenti\u0107<\/td>\n<td style=\"text-align: center;\" width=\"319\">9 (nine)<\/td>\n<\/tr>\n<tr>\n<td width=\"319\">13. Amela Skomorac<\/td>\n<td style=\"text-align: center;\" width=\"319\">8 (eight)<\/td>\n<\/tr>\n<tr>\n<td width=\"319\">14. Bedrija Musi\u0107<\/td>\n<td style=\"text-align: center;\" width=\"319\">9 (nine)<\/td>\n<\/tr>\n<tr>\n<td width=\"319\">15. Enisa Sinanovi\u0107<\/td>\n<td style=\"text-align: center;\" width=\"319\">9 (nine)<\/td>\n<\/tr>\n<tr>\n<td width=\"319\">16. Merima Sivro<\/td>\n<td style=\"text-align: center;\" width=\"319\">9 (nine)<\/td>\n<\/tr>\n<tr>\n<td width=\"319\">17. Hana Durmi\u0161evi\u0107<\/td>\n<td style=\"text-align: center;\" width=\"319\">9 (nine)<\/td>\n<\/tr>\n<tr>\n<td width=\"319\">18. Nermana \u010camd\u017ei\u0107<\/td>\n<td style=\"text-align: center;\" width=\"319\">8 (eight)<\/td>\n<\/tr>\n<tr>\n<td width=\"319\">19. Hata Mrkonje<\/td>\n<td style=\"text-align: center;\" width=\"319\">9 (nine)<\/td>\n<\/tr>\n<tr>\n<td width=\"319\">20. Amina Salki\u0107<\/td>\n<td style=\"text-align: center;\" width=\"319\">8 (eight)<\/td>\n<\/tr>\n<tr>\n<td width=\"319\">21. Elvisa Kova\u010devi\u0107<\/td>\n<td style=\"text-align: center;\" width=\"319\">8 (eight)<\/td>\n<\/tr>\n<tr>\n<td width=\"319\">22. Fatima Derli\u0107<\/td>\n<td style=\"text-align: center;\" width=\"319\">7 (seven)<\/td>\n<\/tr>\n<tr>\n<td width=\"319\">23. Midheta Hod\u017ei\u0107<\/td>\n<td style=\"text-align: center;\" width=\"319\">7 (seven)<\/td>\n<\/tr>\n<tr>\n<td width=\"319\">24. Sumeja Trako<\/td>\n<td style=\"text-align: center;\" width=\"319\">7 (seven)<\/td>\n<\/tr>\n<tr>\n<td width=\"319\">25. Adna Zolota<\/td>\n<td style=\"text-align: center;\" width=\"319\">7 (seven)<\/td>\n<\/tr>\n<\/tbody>\n<\/table>\n<p><em>Assoc. Ph.D. Yavuz Kartall\u0131o\u011flu<\/em><\/p>","protected":false},"excerpt":{"rendered":"<p>1. Ece Babu\u015f 10 (ten) 2. Ajla Heki\u0107 10 (ten)...<\/p>","protected":false},"author":7,"featured_media":0,"comment_status":"closed","ping_status":"closed","sticky":false,"template":"","format":"standard","meta":{"footnotes":""},"categories":[41,47],"tags":[],"class_list":["post-9564","post","type-post","status-publish","format-standard","hentry","category-sve","category-turski-jezik-i-knjizevnost","entry","no-media"],"rttpg_featured_image_url":null,"rttpg_author":{"display_name":"Filozofski","author_link":"https:\/\/ff.unze.ba\/en\/author\/filozofski\/"},"rttpg_comment":0,"rttpg_category":"<a href=\"https:\/\/ff.unze.ba\/en\/obavijesti\/sve\/\" rel=\"category tag\">Sve<\/a> <a href=\"https:\/\/ff.unze.ba\/en\/obavijesti\/turkish-language-and-literature\/\" rel=\"category tag\">Turski jezik i knji\u017eevnost<\/a>","rttpg_excerpt":"1.\u00a0\u00a0\u00a0\u00a0\u00a0 Ece Babu\u015f 10 (deset) 2.\u00a0\u00a0\u00a0\u00a0\u00a0 Ajla Heki\u0107 10 (deset)&hellip;","_links":{"self":[{"href":"https:\/\/ff.unze.ba\/en\/wp-json\/wp\/v2\/posts\/9564","targetHints":{"allow":["GET"]}}],"collection":[{"href":"https:\/\/ff.unze.ba\/en\/wp-json\/wp\/v2\/posts"}],"about":[{"href":"https:\/\/ff.unze.ba\/en\/wp-json\/wp\/v2\/types\/post"}],"author":[{"embeddable":true,"href":"https:\/\/ff.unze.ba\/en\/wp-json\/wp\/v2\/users\/7"}],"replies":[{"embeddable":true,"href":"https:\/\/ff.unze.ba\/en\/wp-json\/wp\/v2\/comments?post=9564"}],"version-history":[{"count":1,"href":"https:\/\/ff.unze.ba\/en\/wp-json\/wp\/v2\/posts\/9564\/revisions"}],"predecessor-version":[{"id":9565,"href":"https:\/\/ff.unze.ba\/en\/wp-json\/wp\/v2\/posts\/9564\/revisions\/9565"}],"wp:attachment":[{"href":"https:\/\/ff.unze.ba\/en\/wp-json\/wp\/v2\/media?parent=9564"}],"wp:term":[{"taxonomy":"category","embeddable":true,"href":"https:\/\/ff.unze.ba\/en\/wp-json\/wp\/v2\/categories?post=9564"},{"taxonomy":"post_tag","embeddable":true,"href":"https:\/\/ff.unze.ba\/en\/wp-json\/wp\/v2\/tags?post=9564"}],"curies":[{"name":"wp","href":"https:\/\/api.w.org\/{rel}","templated":true}]}}