{"id":5147,"date":"2014-06-06T22:42:41","date_gmt":"2014-06-06T20:42:41","guid":{"rendered":"https:\/\/ff.unze.ba\/?p=5147"},"modified":"2014-06-06T22:43:23","modified_gmt":"2014-06-06T20:43:23","slug":"termini-kolokvija-i-ispita-iz-predmeta-metodika-nastave-matematike-i-i-metodika-nastave-matematike-ii","status":"publish","type":"post","link":"https:\/\/ff.unze.ba\/en\/dates-of-colloquiums-and-exams-in-the-subject-mathematics-teaching-methodology-ii-mathematics-teaching-methodology-ii\/","title":{"rendered":"Dates of colloquiums and exams in the subjects Mathematics Teaching Methodology I and Mathematics Teaching Methodology II"},"content":{"rendered":"<p>Students of the third and fourth year of the Department of Classroom Teaching are informed that the dates of the colloquia and exams are as follows:<\/p>\n<p>\u2013 Mathematics teaching methodology I<\/p>\n<p style=\"padding-left: 30px\">09.06.2014. (Monday) at 14:00 \u2013 II colloquium and comprehensive exam,<\/p>\n<p style=\"padding-left: 30px\">18.06.2014. (Wednesday) at 14:00, the oral exam will be on 06.20.2014. (Friday) at 09:00,<\/p>\n<p style=\"padding-left: 30px\">02.07.2014. year (Wednesday) at 14:00, the oral exam will be on 04.06.2014. year (Friday) at 09:00 hours.<\/p>\n<p>\u2013 Mathematics teaching methodology II<\/p>\n<p style=\"padding-left: 30px\">18.06.2014. (Wednesday) at 14:00, the oral exam will be on 06.20.2014. (Friday) at 09:00,<\/p>\n<p style=\"padding-left: 30px\">02.07.2014. year (Wednesday) at 14:00, the oral exam will be on 04.06.2014. year (Friday) at 09:00 hours.<\/p>\n<p>&nbsp;<\/p>\n<p>In case of schedule changes, students will be informed in a timely manner.<\/p>","protected":false},"excerpt":{"rendered":"<p>Students of the third and fourth year of the Department of Classroom Teaching are informed...<\/p>","protected":false},"author":7,"featured_media":0,"comment_status":"closed","ping_status":"closed","sticky":false,"template":"","format":"standard","meta":{"footnotes":""},"categories":[43,41],"tags":[],"class_list":["post-5147","post","type-post","status-publish","format-standard","hentry","category-razredna-nastava","category-sve","entry","no-media"],"rttpg_featured_image_url":null,"rttpg_author":{"display_name":"Filozofski","author_link":"https:\/\/ff.unze.ba\/en\/author\/filozofski\/"},"rttpg_comment":0,"rttpg_category":"<a href=\"https:\/\/ff.unze.ba\/en\/obavijesti\/class\/\" rel=\"category tag\">Razredna nastava<\/a> <a href=\"https:\/\/ff.unze.ba\/en\/obavijesti\/sve\/\" rel=\"category tag\">Sve<\/a>","rttpg_excerpt":"Obavje\u0161tavaju se studenti tre\u0107e i \u010detvrte godine odsjeka Razredna nasatava&hellip;","_links":{"self":[{"href":"https:\/\/ff.unze.ba\/en\/wp-json\/wp\/v2\/posts\/5147","targetHints":{"allow":["GET"]}}],"collection":[{"href":"https:\/\/ff.unze.ba\/en\/wp-json\/wp\/v2\/posts"}],"about":[{"href":"https:\/\/ff.unze.ba\/en\/wp-json\/wp\/v2\/types\/post"}],"author":[{"embeddable":true,"href":"https:\/\/ff.unze.ba\/en\/wp-json\/wp\/v2\/users\/7"}],"replies":[{"embeddable":true,"href":"https:\/\/ff.unze.ba\/en\/wp-json\/wp\/v2\/comments?post=5147"}],"version-history":[{"count":2,"href":"https:\/\/ff.unze.ba\/en\/wp-json\/wp\/v2\/posts\/5147\/revisions"}],"predecessor-version":[{"id":5149,"href":"https:\/\/ff.unze.ba\/en\/wp-json\/wp\/v2\/posts\/5147\/revisions\/5149"}],"wp:attachment":[{"href":"https:\/\/ff.unze.ba\/en\/wp-json\/wp\/v2\/media?parent=5147"}],"wp:term":[{"taxonomy":"category","embeddable":true,"href":"https:\/\/ff.unze.ba\/en\/wp-json\/wp\/v2\/categories?post=5147"},{"taxonomy":"post_tag","embeddable":true,"href":"https:\/\/ff.unze.ba\/en\/wp-json\/wp\/v2\/tags?post=5147"}],"curies":[{"name":"wp","href":"https:\/\/api.w.org\/{rel}","templated":true}]}}