{"id":27229,"date":"2026-04-28T20:21:52","date_gmt":"2026-04-28T18:21:52","guid":{"rendered":"https:\/\/ff.unze.ba\/?p=27229"},"modified":"2026-04-28T20:21:52","modified_gmt":"2026-04-28T18:21:52","slug":"dramski-tekst-u-fokusu-odrzani-drugi-citalacki-susreti-sta-da-citamo","status":"publish","type":"post","link":"https:\/\/ff.unze.ba\/en\/dramski-tekst-u-fokusu-odrzani-drugi-citalacki-susreti-sta-da-citamo\/","title":{"rendered":"Dramski tekst u fokusu: Odr\u017eani drugi \u010ditala\u010dki susreti \u201e\u0160ta (da) \u010ditamo?\u201c"},"content":{"rendered":"<p style=\"font-weight: 400;\"><strong>ZENICA, 27. april 2026.<\/strong>\u00a0\u2013 Kontinuitet uspje\u0161nih akademskih aktivnosti u okviru manifestacije\u00a0<strong>STUFEK<\/strong>\u00a0nastavljen je odr\u017eavanjem druge sesije \u010ditala\u010dkih susreta pod nazivom\u00a0<strong>\u201e\u0160ta (da) \u010ditamo?\u201c<\/strong>. Nakon prethodnih razgovora o lirskim i epskim tekstovima, dana\u0161nji susret bio je u potpunosti posve\u0107en\u00a0<strong>dramskoj knji\u017eevnosti<\/strong>.<\/p>\n<p style=\"font-weight: 400;\">U\u010dionica 1 Studijskog programa Bosanski, hrvatski, srpski jezik i knji\u017eevnost ponovo je ugostila studente koji su kroz argumentovan dijalog istra\u017eivali slojevitost dramskog pisma. Fokus susreta bio je na djelima koja svojom strukturom i tematikom predstavljaju izazov za savremenu knji\u017eevnu teoriju i scensku praksu.<\/p>\n<p style=\"font-weight: 400;\">Posebno je zna\u010dajna bila diskusija o tome kako klasi\u010dni dramski tekstovi korespondiraju sa savremenom publikom, te na koji na\u010din novi dramski glasovi redefini\u0161u granice \u017eanra.<\/p>\n<div id=\"gallery-1\" class=\"wpex-gallery wpex-grid wpex-grid-cols-2 wpex-gap-20 wpex-lightbox-group wpex-mb-20\"><figure class=\"gallery-item\"><a href=\"https:\/\/ff.unze.ba\/wp-content\/uploads\/2026\/04\/Plakat-1.jpg\" class=\"wpex-lightbox-group-item\"><img decoding=\"async\" loading=\"lazy\" src=\"https:\/\/ff.unze.ba\/wp-content\/uploads\/2026\/04\/Plakat-1-201x300.jpg\" alt=\"\" srcset=\"https:\/\/ff.unze.ba\/wp-content\/uploads\/2026\/04\/Plakat-1-201x300.jpg 201w, https:\/\/ff.unze.ba\/wp-content\/uploads\/2026\/04\/Plakat-1-8x12.jpg 8w, https:\/\/ff.unze.ba\/wp-content\/uploads\/2026\/04\/Plakat-1-200x298.jpg 200w, https:\/\/ff.unze.ba\/wp-content\/uploads\/2026\/04\/Plakat-1.jpg 687w\" width=\"201\" height=\"300\"><\/a><\/figure><figure class=\"gallery-item\"><a href=\"https:\/\/ff.unze.ba\/wp-content\/uploads\/2026\/04\/IMG_3108-scaled.jpeg\" class=\"wpex-lightbox-group-item\"><img decoding=\"async\" loading=\"lazy\" src=\"https:\/\/ff.unze.ba\/wp-content\/uploads\/2026\/04\/IMG_3108-scaled-225x300.jpeg\" alt=\"\" srcset=\"https:\/\/ff.unze.ba\/wp-content\/uploads\/2026\/04\/IMG_3108-scaled-225x300.jpeg 225w, https:\/\/ff.unze.ba\/wp-content\/uploads\/2026\/04\/IMG_3108-768x1024.jpeg 768w, https:\/\/ff.unze.ba\/wp-content\/uploads\/2026\/04\/IMG_3108-1152x1536.jpeg 1152w, https:\/\/ff.unze.ba\/wp-content\/uploads\/2026\/04\/IMG_3108-1536x2048.jpeg 1536w, https:\/\/ff.unze.ba\/wp-content\/uploads\/2026\/04\/IMG_3108-9x12.jpeg 9w, https:\/\/ff.unze.ba\/wp-content\/uploads\/2026\/04\/IMG_3108-200x267.jpeg 200w, https:\/\/ff.unze.ba\/wp-content\/uploads\/2026\/04\/IMG_3108-scaled.jpeg 1920w\" width=\"225\" height=\"300\"><\/a><\/figure><\/div>","protected":false},"excerpt":{"rendered":"<p>ZENICA, 27. april 2026.\u00a0\u2013 Kontinuitet uspje\u0161nih akademskih aktivnosti u okviru&hellip;<\/p>","protected":false},"author":12,"featured_media":27230,"comment_status":"closed","ping_status":"closed","sticky":false,"template":"","format":"standard","meta":{"footnotes":""},"categories":[50,44,112],"tags":[],"class_list":["post-27229","post","type-post","status-publish","format-standard","has-post-thumbnail","hentry","category-fakultet","category-bhs-jezik-i-knjizevnost","category-stufek-26","entry","has-media"],"rttpg_featured_image_url":{"full":["https:\/\/ff.unze.ba\/wp-content\/uploads\/2026\/04\/IMG_3108-scaled.jpeg",1920,2560,false],"landscape":["https:\/\/ff.unze.ba\/wp-content\/uploads\/2026\/04\/IMG_3108-scaled.jpeg",1920,2560,false],"portraits":["https:\/\/ff.unze.ba\/wp-content\/uploads\/2026\/04\/IMG_3108-scaled.jpeg",1920,2560,false],"thumbnail":["https:\/\/ff.unze.ba\/wp-content\/uploads\/2026\/04\/IMG_3108-scaled-150x150.jpeg",150,150,true],"medium":["https:\/\/ff.unze.ba\/wp-content\/uploads\/2026\/04\/IMG_3108-scaled-225x300.jpeg",225,300,true],"large":["https:\/\/ff.unze.ba\/wp-content\/uploads\/2026\/04\/IMG_3108-768x1024.jpeg",768,1024,true],"1536x1536":["https:\/\/ff.unze.ba\/wp-content\/uploads\/2026\/04\/IMG_3108-1152x1536.jpeg",1152,1536,true],"2048x2048":["https:\/\/ff.unze.ba\/wp-content\/uploads\/2026\/04\/IMG_3108-1536x2048.jpeg",1536,2048,true],"trp-custom-language-flag":["https:\/\/ff.unze.ba\/wp-content\/uploads\/2026\/04\/IMG_3108-9x12.jpeg",9,12,true],"depicter-thumbnail":["https:\/\/ff.unze.ba\/wp-content\/uploads\/2026\/04\/IMG_3108-200x267.jpeg",200,267,true],"lightbox":["https:\/\/ff.unze.ba\/wp-content\/uploads\/2026\/04\/IMG_3108-scaled.jpeg",1920,2560,false],"search_results":["https:\/\/ff.unze.ba\/wp-content\/uploads\/2026\/04\/IMG_3108-scaled.jpeg",1920,2560,false],"blog_entry":["https:\/\/ff.unze.ba\/wp-content\/uploads\/2026\/04\/IMG_3108-scaled.jpeg",1920,2560,false],"blog_post":["https:\/\/ff.unze.ba\/wp-content\/uploads\/2026\/04\/IMG_3108-scaled.jpeg",1920,2560,false],"blog_post_full":["https:\/\/ff.unze.ba\/wp-content\/uploads\/2026\/04\/IMG_3108-scaled.jpeg",1920,2560,false],"blog_related":["https:\/\/ff.unze.ba\/wp-content\/uploads\/2026\/04\/IMG_3108-scaled.jpeg",1920,2560,false],"staff_entry":["https:\/\/ff.unze.ba\/wp-content\/uploads\/2026\/04\/IMG_3108-scaled.jpeg",1920,2560,false],"staff_post":["https:\/\/ff.unze.ba\/wp-content\/uploads\/2026\/04\/IMG_3108-scaled.jpeg",1920,2560,false],"staff_related":["https:\/\/ff.unze.ba\/wp-content\/uploads\/2026\/04\/IMG_3108-scaled.jpeg",1920,2560,false],"testimonials_entry":["https:\/\/ff.unze.ba\/wp-content\/uploads\/2026\/04\/IMG_3108-scaled.jpeg",1920,2560,false],"gallery":["https:\/\/ff.unze.ba\/wp-content\/uploads\/2026\/04\/IMG_3108-scaled.jpeg",1920,2560,false]},"rttpg_author":{"display_name":"Vehid Kurti\u0107","author_link":"https:\/\/ff.unze.ba\/en\/author\/vehid\/"},"rttpg_comment":0,"rttpg_category":"<a href=\"https:\/\/ff.unze.ba\/en\/obavijesti\/faculty\/\" rel=\"category tag\">Fakultet<\/a> <a href=\"https:\/\/ff.unze.ba\/en\/obavijesti\/bhs-language-and-literature\/\" rel=\"category tag\">BHS jezik i knji\u017eevnost<\/a> <a href=\"https:\/\/ff.unze.ba\/en\/obavijesti\/stufek-26\/\" rel=\"category tag\">STUFEK 26<\/a>","rttpg_excerpt":"ZENICA, 27. april 2026.\u00a0\u2013 Kontinuitet uspje\u0161nih akademskih aktivnosti u okviru&hellip;","_links":{"self":[{"href":"https:\/\/ff.unze.ba\/en\/wp-json\/wp\/v2\/posts\/27229","targetHints":{"allow":["GET"]}}],"collection":[{"href":"https:\/\/ff.unze.ba\/en\/wp-json\/wp\/v2\/posts"}],"about":[{"href":"https:\/\/ff.unze.ba\/en\/wp-json\/wp\/v2\/types\/post"}],"author":[{"embeddable":true,"href":"https:\/\/ff.unze.ba\/en\/wp-json\/wp\/v2\/users\/12"}],"replies":[{"embeddable":true,"href":"https:\/\/ff.unze.ba\/en\/wp-json\/wp\/v2\/comments?post=27229"}],"version-history":[{"count":5,"href":"https:\/\/ff.unze.ba\/en\/wp-json\/wp\/v2\/posts\/27229\/revisions"}],"predecessor-version":[{"id":27237,"href":"https:\/\/ff.unze.ba\/en\/wp-json\/wp\/v2\/posts\/27229\/revisions\/27237"}],"wp:featuredmedia":[{"embeddable":true,"href":"https:\/\/ff.unze.ba\/en\/wp-json\/wp\/v2\/media\/27230"}],"wp:attachment":[{"href":"https:\/\/ff.unze.ba\/en\/wp-json\/wp\/v2\/media?parent=27229"}],"wp:term":[{"taxonomy":"category","embeddable":true,"href":"https:\/\/ff.unze.ba\/en\/wp-json\/wp\/v2\/categories?post=27229"},{"taxonomy":"post_tag","embeddable":true,"href":"https:\/\/ff.unze.ba\/en\/wp-json\/wp\/v2\/tags?post=27229"}],"curies":[{"name":"wp","href":"https:\/\/api.w.org\/{rel}","templated":true}]}}