{"id":26793,"date":"2026-03-11T17:39:40","date_gmt":"2026-03-11T16:39:40","guid":{"rendered":"https:\/\/ff.unze.ba\/?p=26793"},"modified":"2026-03-11T17:39:40","modified_gmt":"2026-03-11T16:39:40","slug":"filozofski-fakultet-i-ministarstvo-unutrasnjih-poslova-zdk-potpisali-ugovor-o-koristenju-bazena","status":"publish","type":"post","link":"https:\/\/ff.unze.ba\/en\/filozofski-fakultet-i-ministarstvo-unutrasnjih-poslova-zdk-potpisali-ugovor-o-koristenju-bazena\/","title":{"rendered":"Filozofski fakultet i Ministarstvo unutra\u0161njih poslova ZDK potpisali ugovor o kori\u0161tenju bazena"},"content":{"rendered":"<div dir=\"auto\">Filozofski fakultet Univerziteta u Zenici i Ministarstvo unutra\u0161njih poslova Zeni\u010dko-dobojskog kantona potpisali su ugovor o kori\u0161tenju bazena za potrebe studentica i studenata studijskog programa Tjelesni odgoj i sport.<\/div>\n<div dir=\"auto\">Ugovor, koji predstavlja nastavak prethodne uspje\u0161ne saradnje izme\u0111u dvije institucije, omogu\u0107ava studentima realizaciju prakti\u010dne nastave iz oblasti plivanja u adekvatnim uslovima, \u010dime se dodatno unapre\u0111uje kvalitet njihovog stru\u010dnog osposobljavanja.<\/div>\n<div dir=\"auto\">U ime institucija ugovor su potpisali ministar Ministarstva unutra\u0161njih poslova ZDK Emir Vra\u010do i dekanesa Filozofskog fa<div id=\"gallery-1\" class=\"wpex-gallery wpex-grid wpex-grid-cols-2 wpex-gap-20 wpex-lightbox-group wpex-mb-20\"><figure class=\"gallery-item\"><a href=\"https:\/\/ff.unze.ba\/wp-content\/uploads\/2026\/03\/IMG-e005537a7ecec1cfe6a9c26451a5a5b7-V.jpg\" class=\"wpex-lightbox-group-item\"><img decoding=\"async\" loading=\"lazy\" src=\"https:\/\/ff.unze.ba\/wp-content\/uploads\/2026\/03\/IMG-e005537a7ecec1cfe6a9c26451a5a5b7-V-300x200.jpg\" alt=\"\" srcset=\"https:\/\/ff.unze.ba\/wp-content\/uploads\/2026\/03\/IMG-e005537a7ecec1cfe6a9c26451a5a5b7-V-300x200.jpg 300w, https:\/\/ff.unze.ba\/wp-content\/uploads\/2026\/03\/IMG-e005537a7ecec1cfe6a9c26451a5a5b7-V-1024x683.jpg 1024w, https:\/\/ff.unze.ba\/wp-content\/uploads\/2026\/03\/IMG-e005537a7ecec1cfe6a9c26451a5a5b7-V-768x512.jpg 768w, https:\/\/ff.unze.ba\/wp-content\/uploads\/2026\/03\/IMG-e005537a7ecec1cfe6a9c26451a5a5b7-V-1536x1024.jpg 1536w, https:\/\/ff.unze.ba\/wp-content\/uploads\/2026\/03\/IMG-e005537a7ecec1cfe6a9c26451a5a5b7-V-18x12.jpg 18w, https:\/\/ff.unze.ba\/wp-content\/uploads\/2026\/03\/IMG-e005537a7ecec1cfe6a9c26451a5a5b7-V-200x133.jpg 200w, https:\/\/ff.unze.ba\/wp-content\/uploads\/2026\/03\/IMG-e005537a7ecec1cfe6a9c26451a5a5b7-V.jpg 1600w\" width=\"300\" height=\"200\"><\/a><\/figure><figure class=\"gallery-item\"><a href=\"https:\/\/ff.unze.ba\/wp-content\/uploads\/2026\/03\/IMG-fca8b87021d386ff948b922441e59bdc-V.jpg\" class=\"wpex-lightbox-group-item\"><img decoding=\"async\" loading=\"lazy\" src=\"https:\/\/ff.unze.ba\/wp-content\/uploads\/2026\/03\/IMG-fca8b87021d386ff948b922441e59bdc-V-300x200.jpg\" alt=\"\" srcset=\"https:\/\/ff.unze.ba\/wp-content\/uploads\/2026\/03\/IMG-fca8b87021d386ff948b922441e59bdc-V-300x200.jpg 300w, https:\/\/ff.unze.ba\/wp-content\/uploads\/2026\/03\/IMG-fca8b87021d386ff948b922441e59bdc-V-1024x683.jpg 1024w, https:\/\/ff.unze.ba\/wp-content\/uploads\/2026\/03\/IMG-fca8b87021d386ff948b922441e59bdc-V-768x512.jpg 768w, https:\/\/ff.unze.ba\/wp-content\/uploads\/2026\/03\/IMG-fca8b87021d386ff948b922441e59bdc-V-1536x1024.jpg 1536w, https:\/\/ff.unze.ba\/wp-content\/uploads\/2026\/03\/IMG-fca8b87021d386ff948b922441e59bdc-V-18x12.jpg 18w, https:\/\/ff.unze.ba\/wp-content\/uploads\/2026\/03\/IMG-fca8b87021d386ff948b922441e59bdc-V-200x133.jpg 200w, https:\/\/ff.unze.ba\/wp-content\/uploads\/2026\/03\/IMG-fca8b87021d386ff948b922441e59bdc-V.jpg 1600w\" width=\"300\" height=\"200\"><\/a><\/figure><figure class=\"gallery-item\"><a href=\"https:\/\/ff.unze.ba\/wp-content\/uploads\/2026\/03\/IMG-1b16e59186a8adb0403de408169b2e7e-V.jpg\" class=\"wpex-lightbox-group-item\"><img decoding=\"async\" loading=\"lazy\" src=\"https:\/\/ff.unze.ba\/wp-content\/uploads\/2026\/03\/IMG-1b16e59186a8adb0403de408169b2e7e-V-300x201.jpg\" alt=\"\" srcset=\"https:\/\/ff.unze.ba\/wp-content\/uploads\/2026\/03\/IMG-1b16e59186a8adb0403de408169b2e7e-V-300x201.jpg 300w, https:\/\/ff.unze.ba\/wp-content\/uploads\/2026\/03\/IMG-1b16e59186a8adb0403de408169b2e7e-V-1024x687.jpg 1024w, https:\/\/ff.unze.ba\/wp-content\/uploads\/2026\/03\/IMG-1b16e59186a8adb0403de408169b2e7e-V-768x516.jpg 768w, https:\/\/ff.unze.ba\/wp-content\/uploads\/2026\/03\/IMG-1b16e59186a8adb0403de408169b2e7e-V-1536x1031.jpg 1536w, https:\/\/ff.unze.ba\/wp-content\/uploads\/2026\/03\/IMG-1b16e59186a8adb0403de408169b2e7e-V-18x12.jpg 18w, https:\/\/ff.unze.ba\/wp-content\/uploads\/2026\/03\/IMG-1b16e59186a8adb0403de408169b2e7e-V-200x134.jpg 200w, https:\/\/ff.unze.ba\/wp-content\/uploads\/2026\/03\/IMG-1b16e59186a8adb0403de408169b2e7e-V.jpg 1600w\" width=\"300\" height=\"201\"><\/a><\/figure><figure class=\"gallery-item\"><a href=\"https:\/\/ff.unze.ba\/wp-content\/uploads\/2026\/03\/IMG-299ea79284e8c8baefc9385fb7c5f7df-V.jpg\" class=\"wpex-lightbox-group-item\"><img decoding=\"async\" loading=\"lazy\" src=\"https:\/\/ff.unze.ba\/wp-content\/uploads\/2026\/03\/IMG-299ea79284e8c8baefc9385fb7c5f7df-V-300x200.jpg\" alt=\"\" srcset=\"https:\/\/ff.unze.ba\/wp-content\/uploads\/2026\/03\/IMG-299ea79284e8c8baefc9385fb7c5f7df-V-300x200.jpg 300w, https:\/\/ff.unze.ba\/wp-content\/uploads\/2026\/03\/IMG-299ea79284e8c8baefc9385fb7c5f7df-V-1024x683.jpg 1024w, https:\/\/ff.unze.ba\/wp-content\/uploads\/2026\/03\/IMG-299ea79284e8c8baefc9385fb7c5f7df-V-768x512.jpg 768w, https:\/\/ff.unze.ba\/wp-content\/uploads\/2026\/03\/IMG-299ea79284e8c8baefc9385fb7c5f7df-V-1536x1024.jpg 1536w, https:\/\/ff.unze.ba\/wp-content\/uploads\/2026\/03\/IMG-299ea79284e8c8baefc9385fb7c5f7df-V-18x12.jpg 18w, https:\/\/ff.unze.ba\/wp-content\/uploads\/2026\/03\/IMG-299ea79284e8c8baefc9385fb7c5f7df-V-200x133.jpg 200w, https:\/\/ff.unze.ba\/wp-content\/uploads\/2026\/03\/IMG-299ea79284e8c8baefc9385fb7c5f7df-V.jpg 1600w\" width=\"300\" height=\"200\"><\/a><\/figure><\/div>\n\n<p>kulteta van. prof. dr. Alica Arnaut.<\/p><\/div>\n<div>Tokom susreta dekanesa Filozofskog fakulteta uru\u010dila je ministru Emiru Vra\u010di zahvalnicu za dosada\u0161nju nesebi\u010dnu podr\u0161ku u radu i razvoju studijskog programa Tjelesni odgoj i sport, isti\u010du\u0107i va\u017enost partnerstva institucija u stvaranju boljih uslova za obrazovanje studenata.<\/div>\n<div><\/div>\n<div><\/div>","protected":false},"excerpt":{"rendered":"<p>Filozofski fakultet Univerziteta u Zenici i Ministarstvo unutra\u0161njih poslova Zeni\u010dko-dobojskog&hellip;<\/p>","protected":false},"author":12,"featured_media":26796,"comment_status":"closed","ping_status":"closed","sticky":false,"template":"","format":"standard","meta":{"footnotes":""},"categories":[50,83],"tags":[],"class_list":["post-26793","post","type-post","status-publish","format-standard","has-post-thumbnail","hentry","category-fakultet","category-tjelesni-odgoj-i-sport","entry","has-media"],"rttpg_featured_image_url":{"full":["https:\/\/ff.unze.ba\/wp-content\/uploads\/2026\/03\/IMG-1b16e59186a8adb0403de408169b2e7e-V.jpg",1600,1074,false],"landscape":["https:\/\/ff.unze.ba\/wp-content\/uploads\/2026\/03\/IMG-1b16e59186a8adb0403de408169b2e7e-V.jpg",1600,1074,false],"portraits":["https:\/\/ff.unze.ba\/wp-content\/uploads\/2026\/03\/IMG-1b16e59186a8adb0403de408169b2e7e-V.jpg",1600,1074,false],"thumbnail":["https:\/\/ff.unze.ba\/wp-content\/uploads\/2026\/03\/IMG-1b16e59186a8adb0403de408169b2e7e-V-150x150.jpg",150,150,true],"medium":["https:\/\/ff.unze.ba\/wp-content\/uploads\/2026\/03\/IMG-1b16e59186a8adb0403de408169b2e7e-V-300x201.jpg",300,201,true],"large":["https:\/\/ff.unze.ba\/wp-content\/uploads\/2026\/03\/IMG-1b16e59186a8adb0403de408169b2e7e-V-1024x687.jpg",980,657,true],"1536x1536":["https:\/\/ff.unze.ba\/wp-content\/uploads\/2026\/03\/IMG-1b16e59186a8adb0403de408169b2e7e-V-1536x1031.jpg",1536,1031,true],"2048x2048":["https:\/\/ff.unze.ba\/wp-content\/uploads\/2026\/03\/IMG-1b16e59186a8adb0403de408169b2e7e-V.jpg",1600,1074,false],"trp-custom-language-flag":["https:\/\/ff.unze.ba\/wp-content\/uploads\/2026\/03\/IMG-1b16e59186a8adb0403de408169b2e7e-V-18x12.jpg",18,12,true],"depicter-thumbnail":["https:\/\/ff.unze.ba\/wp-content\/uploads\/2026\/03\/IMG-1b16e59186a8adb0403de408169b2e7e-V-200x134.jpg",200,134,true],"lightbox":["https:\/\/ff.unze.ba\/wp-content\/uploads\/2026\/03\/IMG-1b16e59186a8adb0403de408169b2e7e-V.jpg",1600,1074,false],"search_results":["https:\/\/ff.unze.ba\/wp-content\/uploads\/2026\/03\/IMG-1b16e59186a8adb0403de408169b2e7e-V.jpg",1600,1074,false],"blog_entry":["https:\/\/ff.unze.ba\/wp-content\/uploads\/2026\/03\/IMG-1b16e59186a8adb0403de408169b2e7e-V.jpg",1600,1074,false],"blog_post":["https:\/\/ff.unze.ba\/wp-content\/uploads\/2026\/03\/IMG-1b16e59186a8adb0403de408169b2e7e-V.jpg",1600,1074,false],"blog_post_full":["https:\/\/ff.unze.ba\/wp-content\/uploads\/2026\/03\/IMG-1b16e59186a8adb0403de408169b2e7e-V.jpg",1600,1074,false],"blog_related":["https:\/\/ff.unze.ba\/wp-content\/uploads\/2026\/03\/IMG-1b16e59186a8adb0403de408169b2e7e-V.jpg",1600,1074,false],"staff_entry":["https:\/\/ff.unze.ba\/wp-content\/uploads\/2026\/03\/IMG-1b16e59186a8adb0403de408169b2e7e-V.jpg",1600,1074,false],"staff_post":["https:\/\/ff.unze.ba\/wp-content\/uploads\/2026\/03\/IMG-1b16e59186a8adb0403de408169b2e7e-V.jpg",1600,1074,false],"staff_related":["https:\/\/ff.unze.ba\/wp-content\/uploads\/2026\/03\/IMG-1b16e59186a8adb0403de408169b2e7e-V.jpg",1600,1074,false],"testimonials_entry":["https:\/\/ff.unze.ba\/wp-content\/uploads\/2026\/03\/IMG-1b16e59186a8adb0403de408169b2e7e-V.jpg",1600,1074,false],"gallery":["https:\/\/ff.unze.ba\/wp-content\/uploads\/2026\/03\/IMG-1b16e59186a8adb0403de408169b2e7e-V.jpg",1600,1074,false]},"rttpg_author":{"display_name":"Vehid Kurti\u0107","author_link":"https:\/\/ff.unze.ba\/en\/author\/vehid\/"},"rttpg_comment":0,"rttpg_category":"<a href=\"https:\/\/ff.unze.ba\/en\/obavijesti\/faculty\/\" rel=\"category tag\">Fakultet<\/a> <a href=\"https:\/\/ff.unze.ba\/en\/obavijesti\/physical-education-and-sports\/\" rel=\"category tag\">Tjelesni odgoj i sport<\/a>","rttpg_excerpt":"Filozofski fakultet Univerziteta u Zenici i Ministarstvo unutra\u0161njih poslova Zeni\u010dko-dobojskog&hellip;","_links":{"self":[{"href":"https:\/\/ff.unze.ba\/en\/wp-json\/wp\/v2\/posts\/26793","targetHints":{"allow":["GET"]}}],"collection":[{"href":"https:\/\/ff.unze.ba\/en\/wp-json\/wp\/v2\/posts"}],"about":[{"href":"https:\/\/ff.unze.ba\/en\/wp-json\/wp\/v2\/types\/post"}],"author":[{"embeddable":true,"href":"https:\/\/ff.unze.ba\/en\/wp-json\/wp\/v2\/users\/12"}],"replies":[{"embeddable":true,"href":"https:\/\/ff.unze.ba\/en\/wp-json\/wp\/v2\/comments?post=26793"}],"version-history":[{"count":1,"href":"https:\/\/ff.unze.ba\/en\/wp-json\/wp\/v2\/posts\/26793\/revisions"}],"predecessor-version":[{"id":26798,"href":"https:\/\/ff.unze.ba\/en\/wp-json\/wp\/v2\/posts\/26793\/revisions\/26798"}],"wp:featuredmedia":[{"embeddable":true,"href":"https:\/\/ff.unze.ba\/en\/wp-json\/wp\/v2\/media\/26796"}],"wp:attachment":[{"href":"https:\/\/ff.unze.ba\/en\/wp-json\/wp\/v2\/media?parent=26793"}],"wp:term":[{"taxonomy":"category","embeddable":true,"href":"https:\/\/ff.unze.ba\/en\/wp-json\/wp\/v2\/categories?post=26793"},{"taxonomy":"post_tag","embeddable":true,"href":"https:\/\/ff.unze.ba\/en\/wp-json\/wp\/v2\/tags?post=26793"}],"curies":[{"name":"wp","href":"https:\/\/api.w.org\/{rel}","templated":true}]}}