{"id":26163,"date":"2026-02-27T17:02:03","date_gmt":"2026-02-27T16:02:03","guid":{"rendered":"https:\/\/ff.unze.ba\/?p=26163"},"modified":"2026-02-27T17:02:03","modified_gmt":"2026-02-27T16:02:03","slug":"snaga-ideja-i-mladih-filozofski-fakultet-u-zenici-gost-ftv-a","status":"publish","type":"post","link":"https:\/\/ff.unze.ba\/en\/snaga-ideja-i-mladih-filozofski-fakultet-u-zenici-gost-ftv-a\/","title":{"rendered":"Snaga ideja i mladih: Filozofski fakultet u Zenici gost FTV-a"},"content":{"rendered":"<p>Dekanesa Filozofskog fakulteta Univerziteta u Zenici, van. prof. dr. Alica Arnaut, i studentica \u010detvrte godine studijskog programa Engleski jezik i knji\u017eevnost Nejla Telalovi\u0107 bile su go\u0161\u0107e Jutarnjeg programa Federalna televizija.<br \/>\nU razgovoru su predstavile aktuelne aktivnosti Fakulteta, s posebnim osvrtom na projekte, studentske inicijative i mogu\u0107nosti koje Fakultet pru\u017ea svojim studentima, kao i zna\u010daj povezivanja akademske zajednice s javnim prostorom.<br \/>\nU nastavku pogledajte gostovanje i saznajte vi\u0161e o dinami\u010dnom radu na\u0161eg Fakulteta.<\/p>\n<div style=\"position:relative;padding-bottom:56.25%;height:0;overflow:hidden;\">\n  <iframe \n    src=\"https:\/\/drive.google.com\/file\/d\/10bMmvc5G5JiB7JNdvuBY6NWkJifP8GJ0\/preview\"\n    style=\"position:absolute;top:0;left:0;width:100%;height:100%;\"\n    allow=\"autoplay\"><br \/>\n  <\/iframe>\n<\/div>","protected":false},"excerpt":{"rendered":"<p>Dekanesa Filozofskog fakulteta Univerziteta u Zenici, van. prof. dr. Alica&hellip;<\/p>","protected":false},"author":13,"featured_media":26164,"comment_status":"closed","ping_status":"closed","sticky":false,"template":"","format":"standard","meta":{"footnotes":""},"categories":[45,50],"tags":[],"class_list":["post-26163","post","type-post","status-publish","format-standard","has-post-thumbnail","hentry","category-engleski-jezik-i-knjizevnost","category-fakultet","entry","has-media"],"rttpg_featured_image_url":{"full":["https:\/\/ff.unze.ba\/wp-content\/uploads\/2026\/02\/Naslovna-Medium.png",1366,767,false],"landscape":["https:\/\/ff.unze.ba\/wp-content\/uploads\/2026\/02\/Naslovna-Medium.png",1366,767,false],"portraits":["https:\/\/ff.unze.ba\/wp-content\/uploads\/2026\/02\/Naslovna-Medium.png",1366,767,false],"thumbnail":["https:\/\/ff.unze.ba\/wp-content\/uploads\/2026\/02\/Naslovna-Medium-150x150.png",150,150,true],"medium":["https:\/\/ff.unze.ba\/wp-content\/uploads\/2026\/02\/Naslovna-Medium-300x168.png",300,168,true],"large":["https:\/\/ff.unze.ba\/wp-content\/uploads\/2026\/02\/Naslovna-Medium-1024x575.png",980,550,true],"1536x1536":["https:\/\/ff.unze.ba\/wp-content\/uploads\/2026\/02\/Naslovna-Medium.png",1366,767,false],"2048x2048":["https:\/\/ff.unze.ba\/wp-content\/uploads\/2026\/02\/Naslovna-Medium.png",1366,767,false],"trp-custom-language-flag":["https:\/\/ff.unze.ba\/wp-content\/uploads\/2026\/02\/Naslovna-Medium-18x10.png",18,10,true],"depicter-thumbnail":["https:\/\/ff.unze.ba\/wp-content\/uploads\/2026\/02\/Naslovna-Medium-200x112.png",200,112,true],"lightbox":["https:\/\/ff.unze.ba\/wp-content\/uploads\/2026\/02\/Naslovna-Medium.png",1366,767,false],"search_results":["https:\/\/ff.unze.ba\/wp-content\/uploads\/2026\/02\/Naslovna-Medium.png",1366,767,false],"blog_entry":["https:\/\/ff.unze.ba\/wp-content\/uploads\/2026\/02\/Naslovna-Medium.png",1366,767,false],"blog_post":["https:\/\/ff.unze.ba\/wp-content\/uploads\/2026\/02\/Naslovna-Medium.png",1366,767,false],"blog_post_full":["https:\/\/ff.unze.ba\/wp-content\/uploads\/2026\/02\/Naslovna-Medium.png",1366,767,false],"blog_related":["https:\/\/ff.unze.ba\/wp-content\/uploads\/2026\/02\/Naslovna-Medium.png",1366,767,false],"staff_entry":["https:\/\/ff.unze.ba\/wp-content\/uploads\/2026\/02\/Naslovna-Medium.png",1366,767,false],"staff_post":["https:\/\/ff.unze.ba\/wp-content\/uploads\/2026\/02\/Naslovna-Medium.png",1366,767,false],"staff_related":["https:\/\/ff.unze.ba\/wp-content\/uploads\/2026\/02\/Naslovna-Medium.png",1366,767,false],"testimonials_entry":["https:\/\/ff.unze.ba\/wp-content\/uploads\/2026\/02\/Naslovna-Medium.png",1366,767,false],"gallery":["https:\/\/ff.unze.ba\/wp-content\/uploads\/2026\/02\/Naslovna-Medium.png",1366,767,false]},"rttpg_author":{"display_name":"Edina Kadri\u0107 Durmi\u0161","author_link":"https:\/\/ff.unze.ba\/en\/author\/edina\/"},"rttpg_comment":0,"rttpg_category":"<a href=\"https:\/\/ff.unze.ba\/en\/obavijesti\/english-language-and-literature\/\" rel=\"category tag\">Engleski jezik i knji\u017eevnost<\/a> <a href=\"https:\/\/ff.unze.ba\/en\/obavijesti\/faculty\/\" rel=\"category tag\">Fakultet<\/a>","rttpg_excerpt":"Dekanesa Filozofskog fakulteta Univerziteta u Zenici, van. prof. dr. Alica&hellip;","_links":{"self":[{"href":"https:\/\/ff.unze.ba\/en\/wp-json\/wp\/v2\/posts\/26163","targetHints":{"allow":["GET"]}}],"collection":[{"href":"https:\/\/ff.unze.ba\/en\/wp-json\/wp\/v2\/posts"}],"about":[{"href":"https:\/\/ff.unze.ba\/en\/wp-json\/wp\/v2\/types\/post"}],"author":[{"embeddable":true,"href":"https:\/\/ff.unze.ba\/en\/wp-json\/wp\/v2\/users\/13"}],"replies":[{"embeddable":true,"href":"https:\/\/ff.unze.ba\/en\/wp-json\/wp\/v2\/comments?post=26163"}],"version-history":[{"count":3,"href":"https:\/\/ff.unze.ba\/en\/wp-json\/wp\/v2\/posts\/26163\/revisions"}],"predecessor-version":[{"id":26167,"href":"https:\/\/ff.unze.ba\/en\/wp-json\/wp\/v2\/posts\/26163\/revisions\/26167"}],"wp:featuredmedia":[{"embeddable":true,"href":"https:\/\/ff.unze.ba\/en\/wp-json\/wp\/v2\/media\/26164"}],"wp:attachment":[{"href":"https:\/\/ff.unze.ba\/en\/wp-json\/wp\/v2\/media?parent=26163"}],"wp:term":[{"taxonomy":"category","embeddable":true,"href":"https:\/\/ff.unze.ba\/en\/wp-json\/wp\/v2\/categories?post=26163"},{"taxonomy":"post_tag","embeddable":true,"href":"https:\/\/ff.unze.ba\/en\/wp-json\/wp\/v2\/tags?post=26163"}],"curies":[{"name":"wp","href":"https:\/\/api.w.org\/{rel}","templated":true}]}}