{"id":25564,"date":"2025-10-17T15:05:49","date_gmt":"2025-10-17T13:05:49","guid":{"rendered":"https:\/\/ff.unze.ba\/?p=25564"},"modified":"2025-10-18T22:34:54","modified_gmt":"2025-10-18T20:34:54","slug":"odbrana-magistarskog-rada-edina-durakovic-2","status":"publish","type":"post","link":"https:\/\/ff.unze.ba\/en\/masters-thesis-defense-edina-durakovic-2\/","title":{"rendered":"Master&#039;s thesis defense \u2013 Edina Durakovi\u0107"},"content":{"rendered":"<div>\n<div dir=\"auto\">Candidate Edina Durakovi\u0107, professor of German language and literature, successfully defended her master&#039;s thesis entitled: on October 14, 2025, in the German Language and Literature study program:\u00a0<b><span lang=\"HR\">Indirect speech in newspaper texts in German and Bosnian\u00a0<\/span><\/b>(INDIREKTE REDE IN DEUTSCHEN UND BOSNISCHEN PRESSETEXTEN).<\/div>\n<div dir=\"auto\"><\/div>\n<p>&nbsp;<\/p>\n<div dir=\"auto\">We congratulate the candidate on her success!<\/div>\n<\/div>\n<div dir=\"auto\"><\/div>","protected":false},"excerpt":{"rendered":"<p>Candidate Edina Durakovi\u0107, professor of German language and literature, 14.10.2025. is\u2026<\/p>","protected":false},"author":13,"featured_media":25566,"comment_status":"closed","ping_status":"closed","sticky":false,"template":"","format":"standard","meta":{"footnotes":""},"categories":[50,46],"tags":[],"class_list":["post-25564","post","type-post","status-publish","format-standard","has-post-thumbnail","hentry","category-fakultet","category-njemacki-jezik-i-knjizevnost","entry","has-media"],"rttpg_featured_image_url":{"full":["https:\/\/ff.unze.ba\/wp-content\/uploads\/2025\/10\/Edina-Durakovic-e1760819677236.png",967,1075,false],"landscape":["https:\/\/ff.unze.ba\/wp-content\/uploads\/2025\/10\/Edina-Durakovic-e1760819677236.png",967,1075,false],"portraits":["https:\/\/ff.unze.ba\/wp-content\/uploads\/2025\/10\/Edina-Durakovic-e1760819677236.png",967,1075,false],"thumbnail":["https:\/\/ff.unze.ba\/wp-content\/uploads\/2025\/10\/Edina-Durakovic-e1760819677236-150x150.png",150,150,true],"medium":["https:\/\/ff.unze.ba\/wp-content\/uploads\/2025\/10\/Edina-Durakovic-e1760819677236-270x300.png",270,300,true],"large":["https:\/\/ff.unze.ba\/wp-content\/uploads\/2025\/10\/Edina-Durakovic-e1760819677236-921x1024.png",921,1024,true],"1536x1536":["https:\/\/ff.unze.ba\/wp-content\/uploads\/2025\/10\/Edina-Durakovic-e1760819677236.png",967,1075,false],"2048x2048":["https:\/\/ff.unze.ba\/wp-content\/uploads\/2025\/10\/Edina-Durakovic-e1760819677236.png",967,1075,false],"trp-custom-language-flag":["https:\/\/ff.unze.ba\/wp-content\/uploads\/2025\/10\/Edina-Durakovic-e1760819677236-11x12.png",11,12,true],"depicter-thumbnail":["https:\/\/ff.unze.ba\/wp-content\/uploads\/2025\/10\/Edina-Durakovic-e1760819677236-200x222.png",200,222,true],"lightbox":["https:\/\/ff.unze.ba\/wp-content\/uploads\/2025\/10\/Edina-Durakovic-e1760819677236.png",967,1075,false],"search_results":["https:\/\/ff.unze.ba\/wp-content\/uploads\/2025\/10\/Edina-Durakovic-e1760819677236.png",967,1075,false],"blog_entry":["https:\/\/ff.unze.ba\/wp-content\/uploads\/2025\/10\/Edina-Durakovic-e1760819677236.png",967,1075,false],"blog_post":["https:\/\/ff.unze.ba\/wp-content\/uploads\/2025\/10\/Edina-Durakovic-e1760819677236.png",967,1075,false],"blog_post_full":["https:\/\/ff.unze.ba\/wp-content\/uploads\/2025\/10\/Edina-Durakovic-e1760819677236.png",967,1075,false],"blog_related":["https:\/\/ff.unze.ba\/wp-content\/uploads\/2025\/10\/Edina-Durakovic-e1760819677236.png",967,1075,false],"staff_entry":["https:\/\/ff.unze.ba\/wp-content\/uploads\/2025\/10\/Edina-Durakovic-e1760819677236.png",967,1075,false],"staff_post":["https:\/\/ff.unze.ba\/wp-content\/uploads\/2025\/10\/Edina-Durakovic-e1760819677236.png",967,1075,false],"staff_related":["https:\/\/ff.unze.ba\/wp-content\/uploads\/2025\/10\/Edina-Durakovic-e1760819677236.png",967,1075,false],"testimonials_entry":["https:\/\/ff.unze.ba\/wp-content\/uploads\/2025\/10\/Edina-Durakovic-e1760819677236.png",967,1075,false],"gallery":["https:\/\/ff.unze.ba\/wp-content\/uploads\/2025\/10\/Edina-Durakovic-e1760819677236.png",967,1075,false]},"rttpg_author":{"display_name":"Edina Kadri\u0107 Durmi\u0161","author_link":"https:\/\/ff.unze.ba\/en\/author\/edina\/"},"rttpg_comment":0,"rttpg_category":"<a href=\"https:\/\/ff.unze.ba\/en\/obavijesti\/faculty\/\" rel=\"category tag\">Fakultet<\/a> <a href=\"https:\/\/ff.unze.ba\/en\/obavijesti\/german-language-and-literature\/\" rel=\"category tag\">Njema\u010dki jezik i knji\u017eevnost<\/a>","rttpg_excerpt":"Kandidatkinja Edina Durakovi\u0107, profesorica njema\u010dkog jezika i knji\u017eevnosti, 14.10.2025. je&hellip;","_links":{"self":[{"href":"https:\/\/ff.unze.ba\/en\/wp-json\/wp\/v2\/posts\/25564","targetHints":{"allow":["GET"]}}],"collection":[{"href":"https:\/\/ff.unze.ba\/en\/wp-json\/wp\/v2\/posts"}],"about":[{"href":"https:\/\/ff.unze.ba\/en\/wp-json\/wp\/v2\/types\/post"}],"author":[{"embeddable":true,"href":"https:\/\/ff.unze.ba\/en\/wp-json\/wp\/v2\/users\/13"}],"replies":[{"embeddable":true,"href":"https:\/\/ff.unze.ba\/en\/wp-json\/wp\/v2\/comments?post=25564"}],"version-history":[{"count":4,"href":"https:\/\/ff.unze.ba\/en\/wp-json\/wp\/v2\/posts\/25564\/revisions"}],"predecessor-version":[{"id":25601,"href":"https:\/\/ff.unze.ba\/en\/wp-json\/wp\/v2\/posts\/25564\/revisions\/25601"}],"wp:featuredmedia":[{"embeddable":true,"href":"https:\/\/ff.unze.ba\/en\/wp-json\/wp\/v2\/media\/25566"}],"wp:attachment":[{"href":"https:\/\/ff.unze.ba\/en\/wp-json\/wp\/v2\/media?parent=25564"}],"wp:term":[{"taxonomy":"category","embeddable":true,"href":"https:\/\/ff.unze.ba\/en\/wp-json\/wp\/v2\/categories?post=25564"},{"taxonomy":"post_tag","embeddable":true,"href":"https:\/\/ff.unze.ba\/en\/wp-json\/wp\/v2\/tags?post=25564"}],"curies":[{"name":"wp","href":"https:\/\/api.w.org\/{rel}","templated":true}]}}