{"id":23670,"date":"2025-02-11T10:21:11","date_gmt":"2025-02-11T09:21:11","guid":{"rendered":"https:\/\/ff.unze.ba\/?p=23670"},"modified":"2025-02-11T10:21:11","modified_gmt":"2025-02-11T09:21:11","slug":"promocija-prvog-prirucnika-za-nastavnike-njemackog-jezika-za-osnovne-skole-u-zenici-jutarnji-program-ftv-a","status":"publish","type":"post","link":"https:\/\/ff.unze.ba\/en\/promotion-of-the-first-manual-for-teachers-of-german-language-for-primary-schools-in-zenica-morning-program-of-ftv-a\/","title":{"rendered":"Promotion of the first German Language Teacher&#039;s Manual for primary schools in Zenica (FTV Morning Program)"},"content":{"rendered":"<div dir=\"auto\">The Faculty of Philosophy in Zenica and the Zenica City Library are proud to announce the promotion of the first Handbook for German language teachers in primary schools, adapted for working with gifted students and students following an adapted curriculum, aligned with reforms in primary education.<\/div>\n<p><\/p>\n<div dir=\"auto\">The promotion will be held on February 20, 2025 at 6 p.m. at the Zenica City Library, with a special program.<\/div>\n<p><\/p>\n<div dir=\"auto\">The authors of the manual are students of the German language and literature study program at the Faculty of Philosophy in Zenica: Farah Bajri\u0107, Amina Pivi\u0107, Alan Softi\u0107, assistant Lamija Hori\u0107-\u0160abi\u0107, and professor and mentor Belma Poli\u0107.<\/div>\n<p><\/p>\n<div dir=\"auto\">Professor Poli\u0107 points out that the creation of the handbook is the result of great effort and dedication of the students and invites all those interested to attend the promotion and support this initiative. He also emphasizes that all funds collected from the sale of the manual, the costs of which were borne by the authors personally, will be directed to humanitarian purposes.<\/div>\n<p><\/p>\n<div dir=\"auto\"><img loading=\"lazy\" decoding=\"async\" class=\"alignnone wp-image-23671 size-full\" src=\"https:\/\/ff.unze.ba\/wp-content\/uploads\/2025\/02\/Screenshot-2025-02-11-094518.png\" alt=\"\" width=\"1078\" height=\"602\" srcset=\"https:\/\/ff.unze.ba\/wp-content\/uploads\/2025\/02\/Screenshot-2025-02-11-094518.png 1078w, https:\/\/ff.unze.ba\/wp-content\/uploads\/2025\/02\/Screenshot-2025-02-11-094518-300x168.png 300w, https:\/\/ff.unze.ba\/wp-content\/uploads\/2025\/02\/Screenshot-2025-02-11-094518-1024x572.png 1024w, https:\/\/ff.unze.ba\/wp-content\/uploads\/2025\/02\/Screenshot-2025-02-11-094518-768x429.png 768w, https:\/\/ff.unze.ba\/wp-content\/uploads\/2025\/02\/Screenshot-2025-02-11-094518-18x10.png 18w, https:\/\/ff.unze.ba\/wp-content\/uploads\/2025\/02\/Screenshot-2025-02-11-094518-200x112.png 200w\" sizes=\"auto, (max-width: 1078px) 100vw, 1078px\" \/><\/div>\n<p><\/p>\n<div dir=\"auto\">&#8220;<strong>This is an opportunity to recognize and support the efforts of young authors who contribute to education and humanity with their work,<\/strong>&quot; says Poli\u0107.<\/div>\n<p><\/p>\n<div dir=\"auto\">We invite all citizens to support the students, their work, effort and noble gesture with their presence.<\/div>\n<p><iframe loading=\"lazy\" src=\"https:\/\/drive.google.com\/file\/d\/1blh8W8W9LsvnMkQ-yNPxroSr_QhQ-Koc\/preview\" width=\"800\" height=\"400\" allow=\"autoplay\"><\/iframe><\/p>","protected":false},"excerpt":{"rendered":"<p>The Faculty of Philosophy in Zenica and the Zenica City Library are proud...<\/p>","protected":false},"author":13,"featured_media":23672,"comment_status":"closed","ping_status":"closed","sticky":false,"template":"","format":"standard","meta":{"footnotes":""},"categories":[50,46],"tags":[],"class_list":["post-23670","post","type-post","status-publish","format-standard","has-post-thumbnail","hentry","category-fakultet","category-njemacki-jezik-i-knjizevnost","entry","has-media"],"rttpg_featured_image_url":{"full":["https:\/\/ff.unze.ba\/wp-content\/uploads\/2025\/02\/Screenshot-2025-02-11-094303.png",1077,600,false],"landscape":["https:\/\/ff.unze.ba\/wp-content\/uploads\/2025\/02\/Screenshot-2025-02-11-094303.png",1077,600,false],"portraits":["https:\/\/ff.unze.ba\/wp-content\/uploads\/2025\/02\/Screenshot-2025-02-11-094303.png",1077,600,false],"thumbnail":["https:\/\/ff.unze.ba\/wp-content\/uploads\/2025\/02\/Screenshot-2025-02-11-094303-150x150.png",150,150,true],"medium":["https:\/\/ff.unze.ba\/wp-content\/uploads\/2025\/02\/Screenshot-2025-02-11-094303-300x167.png",300,167,true],"large":["https:\/\/ff.unze.ba\/wp-content\/uploads\/2025\/02\/Screenshot-2025-02-11-094303-1024x570.png",980,546,true],"1536x1536":["https:\/\/ff.unze.ba\/wp-content\/uploads\/2025\/02\/Screenshot-2025-02-11-094303.png",1077,600,false],"2048x2048":["https:\/\/ff.unze.ba\/wp-content\/uploads\/2025\/02\/Screenshot-2025-02-11-094303.png",1077,600,false],"trp-custom-language-flag":["https:\/\/ff.unze.ba\/wp-content\/uploads\/2025\/02\/Screenshot-2025-02-11-094303-18x10.png",18,10,true],"depicter-thumbnail":["https:\/\/ff.unze.ba\/wp-content\/uploads\/2025\/02\/Screenshot-2025-02-11-094303-200x111.png",200,111,true],"lightbox":["https:\/\/ff.unze.ba\/wp-content\/uploads\/2025\/02\/Screenshot-2025-02-11-094303.png",1077,600,false],"search_results":["https:\/\/ff.unze.ba\/wp-content\/uploads\/2025\/02\/Screenshot-2025-02-11-094303.png",1077,600,false],"blog_entry":["https:\/\/ff.unze.ba\/wp-content\/uploads\/2025\/02\/Screenshot-2025-02-11-094303.png",1077,600,false],"blog_post":["https:\/\/ff.unze.ba\/wp-content\/uploads\/2025\/02\/Screenshot-2025-02-11-094303.png",1077,600,false],"blog_post_full":["https:\/\/ff.unze.ba\/wp-content\/uploads\/2025\/02\/Screenshot-2025-02-11-094303.png",1077,600,false],"blog_related":["https:\/\/ff.unze.ba\/wp-content\/uploads\/2025\/02\/Screenshot-2025-02-11-094303.png",1077,600,false],"staff_entry":["https:\/\/ff.unze.ba\/wp-content\/uploads\/2025\/02\/Screenshot-2025-02-11-094303.png",1077,600,false],"staff_post":["https:\/\/ff.unze.ba\/wp-content\/uploads\/2025\/02\/Screenshot-2025-02-11-094303.png",1077,600,false],"staff_related":["https:\/\/ff.unze.ba\/wp-content\/uploads\/2025\/02\/Screenshot-2025-02-11-094303.png",1077,600,false],"testimonials_entry":["https:\/\/ff.unze.ba\/wp-content\/uploads\/2025\/02\/Screenshot-2025-02-11-094303.png",1077,600,false],"gallery":["https:\/\/ff.unze.ba\/wp-content\/uploads\/2025\/02\/Screenshot-2025-02-11-094303.png",1077,600,false]},"rttpg_author":{"display_name":"Edina Kadri\u0107 Durmi\u0161","author_link":"https:\/\/ff.unze.ba\/en\/author\/edina\/"},"rttpg_comment":0,"rttpg_category":"<a href=\"https:\/\/ff.unze.ba\/en\/obavijesti\/faculty\/\" rel=\"category tag\">Fakultet<\/a> <a href=\"https:\/\/ff.unze.ba\/en\/obavijesti\/german-language-and-literature\/\" rel=\"category tag\">Njema\u010dki jezik i knji\u017eevnost<\/a>","rttpg_excerpt":"Filozofski fakultet u Zenici i Gradska biblioteka Zenica s ponosom&hellip;","_links":{"self":[{"href":"https:\/\/ff.unze.ba\/en\/wp-json\/wp\/v2\/posts\/23670","targetHints":{"allow":["GET"]}}],"collection":[{"href":"https:\/\/ff.unze.ba\/en\/wp-json\/wp\/v2\/posts"}],"about":[{"href":"https:\/\/ff.unze.ba\/en\/wp-json\/wp\/v2\/types\/post"}],"author":[{"embeddable":true,"href":"https:\/\/ff.unze.ba\/en\/wp-json\/wp\/v2\/users\/13"}],"replies":[{"embeddable":true,"href":"https:\/\/ff.unze.ba\/en\/wp-json\/wp\/v2\/comments?post=23670"}],"version-history":[{"count":12,"href":"https:\/\/ff.unze.ba\/en\/wp-json\/wp\/v2\/posts\/23670\/revisions"}],"predecessor-version":[{"id":23685,"href":"https:\/\/ff.unze.ba\/en\/wp-json\/wp\/v2\/posts\/23670\/revisions\/23685"}],"wp:featuredmedia":[{"embeddable":true,"href":"https:\/\/ff.unze.ba\/en\/wp-json\/wp\/v2\/media\/23672"}],"wp:attachment":[{"href":"https:\/\/ff.unze.ba\/en\/wp-json\/wp\/v2\/media?parent=23670"}],"wp:term":[{"taxonomy":"category","embeddable":true,"href":"https:\/\/ff.unze.ba\/en\/wp-json\/wp\/v2\/categories?post=23670"},{"taxonomy":"post_tag","embeddable":true,"href":"https:\/\/ff.unze.ba\/en\/wp-json\/wp\/v2\/tags?post=23670"}],"curies":[{"name":"wp","href":"https:\/\/api.w.org\/{rel}","templated":true}]}}