{"id":23591,"date":"2025-02-07T08:21:50","date_gmt":"2025-02-07T07:21:50","guid":{"rendered":"https:\/\/ff.unze.ba\/?p=23591"},"modified":"2025-02-07T08:21:50","modified_gmt":"2025-02-07T07:21:50","slug":"promocija-prvog-prirucnika-za-nastavnike-njemackog-jezika-za-osnovne-skole-u-zenici","status":"publish","type":"post","link":"https:\/\/ff.unze.ba\/en\/promotion-of-the-first-manual-for-german-language-teachers-for-primary-schools-in-zenica\/","title":{"rendered":"Promotion of the first Handbook for German language teachers for elementary schools in Zenica"},"content":{"rendered":"<p>This semester, 3rd-year students Farah Bajri\u0107, Amina Pivi\u0107 and Alan Softi\u0107 in the subject Methodology of German Language Teaching I, together with subject professor Belma Poli\u0107 and assistant Lamija Hori\u0107-\u0160abi\u0107, created a manual for German language teachers, with tasks for gifted students and students who attend classes according to an adapted curriculum. We are proud of our students and the effort they put into the realization of this project.<\/p>\n<p>The promotion will take place\u00a0<strong>February 20, 2025 at 6 p.m. in the City Library of Zenica<\/strong>, with a suitable program.<\/p>\n<p>Professor Poli\u0107 points out that the creation of the handbook is the result of great effort and dedication of the students and invites all those interested to attend the promotion and support this initiative. He also emphasizes that all funds collected from the sale of the manual, the costs of which were borne by the authors personally, will be directed to\u00a0<strong>humanitarian purposes<\/strong>.<\/p>\n<p><img loading=\"lazy\" decoding=\"async\" class=\"alignnone wp-image-23593 size-full\" src=\"https:\/\/ff.unze.ba\/wp-content\/uploads\/2025\/02\/Clipboard-5-990x473-1.jpg\" alt=\"\" width=\"990\" height=\"473\" srcset=\"https:\/\/ff.unze.ba\/wp-content\/uploads\/2025\/02\/Clipboard-5-990x473-1.jpg 990w, https:\/\/ff.unze.ba\/wp-content\/uploads\/2025\/02\/Clipboard-5-990x473-1-300x143.jpg 300w, https:\/\/ff.unze.ba\/wp-content\/uploads\/2025\/02\/Clipboard-5-990x473-1-768x367.jpg 768w, https:\/\/ff.unze.ba\/wp-content\/uploads\/2025\/02\/Clipboard-5-990x473-1-18x9.jpg 18w, https:\/\/ff.unze.ba\/wp-content\/uploads\/2025\/02\/Clipboard-5-990x473-1-200x96.jpg 200w\" sizes=\"auto, (max-width: 990px) 100vw, 990px\" \/><\/p>","protected":false},"excerpt":{"rendered":"<p>This semester, 3rd year students Farah Bajri\u0107, Amina Pivi\u0107...<\/p>","protected":false},"author":13,"featured_media":23592,"comment_status":"closed","ping_status":"closed","sticky":false,"template":"","format":"standard","meta":{"footnotes":""},"categories":[50,46],"tags":[],"class_list":["post-23591","post","type-post","status-publish","format-standard","has-post-thumbnail","hentry","category-fakultet","category-njemacki-jezik-i-knjizevnost","entry","has-media"],"rttpg_featured_image_url":{"full":["https:\/\/ff.unze.ba\/wp-content\/uploads\/2025\/02\/Naslovna-1.jpg",1600,1200,false],"landscape":["https:\/\/ff.unze.ba\/wp-content\/uploads\/2025\/02\/Naslovna-1.jpg",1600,1200,false],"portraits":["https:\/\/ff.unze.ba\/wp-content\/uploads\/2025\/02\/Naslovna-1.jpg",1600,1200,false],"thumbnail":["https:\/\/ff.unze.ba\/wp-content\/uploads\/2025\/02\/Naslovna-1-150x150.jpg",150,150,true],"medium":["https:\/\/ff.unze.ba\/wp-content\/uploads\/2025\/02\/Naslovna-1-300x225.jpg",300,225,true],"large":["https:\/\/ff.unze.ba\/wp-content\/uploads\/2025\/02\/Naslovna-1-1024x768.jpg",980,735,true],"1536x1536":["https:\/\/ff.unze.ba\/wp-content\/uploads\/2025\/02\/Naslovna-1-1536x1152.jpg",1536,1152,true],"2048x2048":["https:\/\/ff.unze.ba\/wp-content\/uploads\/2025\/02\/Naslovna-1.jpg",1600,1200,false],"trp-custom-language-flag":["https:\/\/ff.unze.ba\/wp-content\/uploads\/2025\/02\/Naslovna-1-16x12.jpg",16,12,true],"depicter-thumbnail":["https:\/\/ff.unze.ba\/wp-content\/uploads\/2025\/02\/Naslovna-1-200x150.jpg",200,150,true],"lightbox":["https:\/\/ff.unze.ba\/wp-content\/uploads\/2025\/02\/Naslovna-1.jpg",1600,1200,false],"search_results":["https:\/\/ff.unze.ba\/wp-content\/uploads\/2025\/02\/Naslovna-1.jpg",1600,1200,false],"blog_entry":["https:\/\/ff.unze.ba\/wp-content\/uploads\/2025\/02\/Naslovna-1.jpg",1600,1200,false],"blog_post":["https:\/\/ff.unze.ba\/wp-content\/uploads\/2025\/02\/Naslovna-1.jpg",1600,1200,false],"blog_post_full":["https:\/\/ff.unze.ba\/wp-content\/uploads\/2025\/02\/Naslovna-1.jpg",1600,1200,false],"blog_related":["https:\/\/ff.unze.ba\/wp-content\/uploads\/2025\/02\/Naslovna-1.jpg",1600,1200,false],"staff_entry":["https:\/\/ff.unze.ba\/wp-content\/uploads\/2025\/02\/Naslovna-1.jpg",1600,1200,false],"staff_post":["https:\/\/ff.unze.ba\/wp-content\/uploads\/2025\/02\/Naslovna-1.jpg",1600,1200,false],"staff_related":["https:\/\/ff.unze.ba\/wp-content\/uploads\/2025\/02\/Naslovna-1.jpg",1600,1200,false],"testimonials_entry":["https:\/\/ff.unze.ba\/wp-content\/uploads\/2025\/02\/Naslovna-1.jpg",1600,1200,false],"gallery":["https:\/\/ff.unze.ba\/wp-content\/uploads\/2025\/02\/Naslovna-1.jpg",1600,1200,false]},"rttpg_author":{"display_name":"Edina Kadri\u0107 Durmi\u0161","author_link":"https:\/\/ff.unze.ba\/en\/author\/edina\/"},"rttpg_comment":0,"rttpg_category":"<a href=\"https:\/\/ff.unze.ba\/en\/obavijesti\/faculty\/\" rel=\"category tag\">Fakultet<\/a> <a href=\"https:\/\/ff.unze.ba\/en\/obavijesti\/german-language-and-literature\/\" rel=\"category tag\">Njema\u010dki jezik i knji\u017eevnost<\/a>","rttpg_excerpt":"Ovaj semestar su studenti 3. godine Farah Bajri\u0107, Amina Pivi\u0107&hellip;","_links":{"self":[{"href":"https:\/\/ff.unze.ba\/en\/wp-json\/wp\/v2\/posts\/23591","targetHints":{"allow":["GET"]}}],"collection":[{"href":"https:\/\/ff.unze.ba\/en\/wp-json\/wp\/v2\/posts"}],"about":[{"href":"https:\/\/ff.unze.ba\/en\/wp-json\/wp\/v2\/types\/post"}],"author":[{"embeddable":true,"href":"https:\/\/ff.unze.ba\/en\/wp-json\/wp\/v2\/users\/13"}],"replies":[{"embeddable":true,"href":"https:\/\/ff.unze.ba\/en\/wp-json\/wp\/v2\/comments?post=23591"}],"version-history":[{"count":2,"href":"https:\/\/ff.unze.ba\/en\/wp-json\/wp\/v2\/posts\/23591\/revisions"}],"predecessor-version":[{"id":23595,"href":"https:\/\/ff.unze.ba\/en\/wp-json\/wp\/v2\/posts\/23591\/revisions\/23595"}],"wp:featuredmedia":[{"embeddable":true,"href":"https:\/\/ff.unze.ba\/en\/wp-json\/wp\/v2\/media\/23592"}],"wp:attachment":[{"href":"https:\/\/ff.unze.ba\/en\/wp-json\/wp\/v2\/media?parent=23591"}],"wp:term":[{"taxonomy":"category","embeddable":true,"href":"https:\/\/ff.unze.ba\/en\/wp-json\/wp\/v2\/categories?post=23591"},{"taxonomy":"post_tag","embeddable":true,"href":"https:\/\/ff.unze.ba\/en\/wp-json\/wp\/v2\/tags?post=23591"}],"curies":[{"name":"wp","href":"https:\/\/api.w.org\/{rel}","templated":true}]}}