{"id":11664,"date":"2017-02-03T21:07:34","date_gmt":"2017-02-03T20:07:34","guid":{"rendered":"https:\/\/ff.unze.ba\/?p=11664"},"modified":"2017-02-03T21:07:34","modified_gmt":"2017-02-03T20:07:34","slug":"rezultati-zavrsnog-usmenog-dijela-ispita-iz-osnova-mateamatike-1-od-02-02-2017-godine","status":"publish","type":"post","link":"https:\/\/ff.unze.ba\/en\/results-of-the-final-oral-part-of-the-exam-in-the-basics-of-mathematics-1-from-february-02-2017\/","title":{"rendered":"The results of the final-oral part of the exam in Fundamentals of Mathematics 1, from February 2, 2017"},"content":{"rendered":"<p>UNIVERSITY OF ZENIKA<br \/>\nFACULTY OF PHILOSOPHY<br \/>\nDEPARTMENT: Class teaching<\/p>\n<p style=\"text-align: center\">The results of the final-oral part of the exam in Fundamentals of Mathematics 1, from February 2, 2017<\/p>\n<p>THEY PASSED:<br \/>\n1. \u0160abanovi\u0107 \u0160eherzada 18.0\/20 (2.p)<br \/>\n2. Komarac Emina 16.0\/20 (2.p)<br \/>\n3. Brljak Adis 15.0\/20 (2.p)<br \/>\n4. Amina Grahi\u0107 13.0\/20 (2.p)<br \/>\n5. Nihad Hod\u017ei\u0107 12.0\/20 (2.p)<br \/>\n6. Palavra Branka 11.0\/20 (2.p)<br \/>\n7. Deli\u0107 Dzeneta 17.0\/20 (1.p)<br \/>\n8. Nez\u0107 Zerina 23.0\/40 (integral).<br \/>\n&#8212;&#8212;&#8212;&#8212;&#8212;&#8212;&#8212;&#8212;&#8212;&#8212;&#8212;&#8212;&#8212;&#8212;&#8212;&#8212;&#8212;&#8212;&#8212;&#8212;&#8212;<br \/>\n9. Ali\u0107 Emin ND<br \/>\n10. Hevlida Belkis ND<br \/>\n11. Grabus Merima ND<br \/>\n12. Mustafi\u0107 Lejla ND<\/p>\n<p>Inspection of the works and entry of grades is planned for Tuesday, February 7, 2017, from 9:00 a.m. to 11:00 a.m. at FF.<\/p>\n<p>Zenica, February 3, 2017<\/p>\n<p>Subject teacher:<br \/>\nPh.D.Sc. D\u017eevad Burgi\u0107, associate professor<\/p>","protected":false},"excerpt":{"rendered":"<p>UNIVERSITY OF ZENICA FACULTY OF PHILOSOPHY DEPARTMENT: Classroom teaching Results of the final-oral...<\/p>","protected":false},"author":7,"featured_media":0,"comment_status":"closed","ping_status":"closed","sticky":false,"template":"","format":"standard","meta":{"footnotes":""},"categories":[43,41],"tags":[],"class_list":["post-11664","post","type-post","status-publish","format-standard","hentry","category-razredna-nastava","category-sve","entry","no-media"],"rttpg_featured_image_url":null,"rttpg_author":{"display_name":"Filozofski","author_link":"https:\/\/ff.unze.ba\/en\/author\/filozofski\/"},"rttpg_comment":0,"rttpg_category":"<a href=\"https:\/\/ff.unze.ba\/en\/obavijesti\/class\/\" rel=\"category tag\">Razredna nastava<\/a> <a href=\"https:\/\/ff.unze.ba\/en\/obavijesti\/sve\/\" rel=\"category tag\">Sve<\/a>","rttpg_excerpt":"UNIVERZITET U ZENICI FILOZOFSKI FAKULTET ODSJEK: Razredna nastava Rezultati zavr\u0161nog-usmenog&hellip;","_links":{"self":[{"href":"https:\/\/ff.unze.ba\/en\/wp-json\/wp\/v2\/posts\/11664","targetHints":{"allow":["GET"]}}],"collection":[{"href":"https:\/\/ff.unze.ba\/en\/wp-json\/wp\/v2\/posts"}],"about":[{"href":"https:\/\/ff.unze.ba\/en\/wp-json\/wp\/v2\/types\/post"}],"author":[{"embeddable":true,"href":"https:\/\/ff.unze.ba\/en\/wp-json\/wp\/v2\/users\/7"}],"replies":[{"embeddable":true,"href":"https:\/\/ff.unze.ba\/en\/wp-json\/wp\/v2\/comments?post=11664"}],"version-history":[{"count":1,"href":"https:\/\/ff.unze.ba\/en\/wp-json\/wp\/v2\/posts\/11664\/revisions"}],"predecessor-version":[{"id":11665,"href":"https:\/\/ff.unze.ba\/en\/wp-json\/wp\/v2\/posts\/11664\/revisions\/11665"}],"wp:attachment":[{"href":"https:\/\/ff.unze.ba\/en\/wp-json\/wp\/v2\/media?parent=11664"}],"wp:term":[{"taxonomy":"category","embeddable":true,"href":"https:\/\/ff.unze.ba\/en\/wp-json\/wp\/v2\/categories?post=11664"},{"taxonomy":"post_tag","embeddable":true,"href":"https:\/\/ff.unze.ba\/en\/wp-json\/wp\/v2\/tags?post=11664"}],"curies":[{"name":"wp","href":"https:\/\/api.w.org\/{rel}","templated":true}]}}