{"id":10672,"date":"2016-06-22T17:37:35","date_gmt":"2016-06-22T15:37:35","guid":{"rendered":"https:\/\/ff.unze.ba\/?p=10672"},"modified":"2016-06-22T17:37:35","modified_gmt":"2016-06-22T15:37:35","slug":"rezultati-ispita-iz-predmeta-semantika-15-06-2016","status":"publish","type":"post","link":"https:\/\/ff.unze.ba\/en\/results-of-the-exam-in-the-subject-semantics-15-06-2016\/","title":{"rendered":"RESULTS of the Semantics exam (June 15, 2016)"},"content":{"rendered":"<table>\n<tbody>\n<tr>\n<td><span style=\"font-weight: 400;\">Munira \u0110ananovi\u0107<\/span><\/td>\n<td><span style=\"font-weight: 400;\">9 (nine)<\/span><\/td>\n<\/tr>\n<tr>\n<td><span style=\"font-weight: 400;\">D\u017eenana Arifovi\u0107<\/span><\/td>\n<td><span style=\"font-weight: 400;\">9 (nine)<\/span><\/td>\n<\/tr>\n<tr>\n<td><span style=\"font-weight: 400;\">Amna Patkovic<\/span><\/td>\n<td><span style=\"font-weight: 400;\">8 (eight)<\/span><\/td>\n<\/tr>\n<tr>\n<td><span style=\"font-weight: 400;\">Amina Patkovic<\/span><\/td>\n<td><span style=\"font-weight: 400;\">8 (eight)<\/span><\/td>\n<\/tr>\n<\/tbody>\n<\/table>\n<p><em><span style=\"font-weight: 400;\">Assoc. Ph.D. Edina Solak<\/span><\/em><\/p>","protected":false},"excerpt":{"rendered":"<p>Munira \u0110ananovi\u0107 9 (nine) D\u017eenana Arifovi\u0107 9 (nine) Amna Patkovi\u0107...<\/p>","protected":false},"author":7,"featured_media":0,"comment_status":"closed","ping_status":"closed","sticky":false,"template":"","format":"standard","meta":{"footnotes":""},"categories":[41,47],"tags":[],"class_list":["post-10672","post","type-post","status-publish","format-standard","hentry","category-sve","category-turski-jezik-i-knjizevnost","entry","no-media"],"rttpg_featured_image_url":null,"rttpg_author":{"display_name":"Filozofski","author_link":"https:\/\/ff.unze.ba\/en\/author\/filozofski\/"},"rttpg_comment":0,"rttpg_category":"<a href=\"https:\/\/ff.unze.ba\/en\/obavijesti\/sve\/\" rel=\"category tag\">Sve<\/a> <a href=\"https:\/\/ff.unze.ba\/en\/obavijesti\/turkish-language-and-literature\/\" rel=\"category tag\">Turski jezik i knji\u017eevnost<\/a>","rttpg_excerpt":"Munira \u0110ananovi\u0107 9 (devet) D\u017eenana Arifovi\u0107 9 (devet) Amna Patkovi\u0107&hellip;","_links":{"self":[{"href":"https:\/\/ff.unze.ba\/en\/wp-json\/wp\/v2\/posts\/10672","targetHints":{"allow":["GET"]}}],"collection":[{"href":"https:\/\/ff.unze.ba\/en\/wp-json\/wp\/v2\/posts"}],"about":[{"href":"https:\/\/ff.unze.ba\/en\/wp-json\/wp\/v2\/types\/post"}],"author":[{"embeddable":true,"href":"https:\/\/ff.unze.ba\/en\/wp-json\/wp\/v2\/users\/7"}],"replies":[{"embeddable":true,"href":"https:\/\/ff.unze.ba\/en\/wp-json\/wp\/v2\/comments?post=10672"}],"version-history":[{"count":1,"href":"https:\/\/ff.unze.ba\/en\/wp-json\/wp\/v2\/posts\/10672\/revisions"}],"predecessor-version":[{"id":10673,"href":"https:\/\/ff.unze.ba\/en\/wp-json\/wp\/v2\/posts\/10672\/revisions\/10673"}],"wp:attachment":[{"href":"https:\/\/ff.unze.ba\/en\/wp-json\/wp\/v2\/media?parent=10672"}],"wp:term":[{"taxonomy":"category","embeddable":true,"href":"https:\/\/ff.unze.ba\/en\/wp-json\/wp\/v2\/categories?post=10672"},{"taxonomy":"post_tag","embeddable":true,"href":"https:\/\/ff.unze.ba\/en\/wp-json\/wp\/v2\/tags?post=10672"}],"curies":[{"name":"wp","href":"https:\/\/api.w.org\/{rel}","templated":true}]}}