{"id":10668,"date":"2016-06-22T17:34:59","date_gmt":"2016-06-22T15:34:59","guid":{"rendered":"https:\/\/ff.unze.ba\/?p=10668"},"modified":"2016-06-22T17:34:59","modified_gmt":"2016-06-22T15:34:59","slug":"rezultati-ispita-iz-predmeta-opca-lingvistika-13-06-2016","status":"publish","type":"post","link":"https:\/\/ff.unze.ba\/en\/exam-results-from-the-subject-of-general-linguistics-13-06-2016\/","title":{"rendered":"RESULTS of the General Linguistics exam (June 13, 2016)"},"content":{"rendered":"<table>\n<tbody>\n<tr>\n<td><span style=\"font-weight: 400;\">Lamija \u0160ehi\u0107<\/span><\/td>\n<td><span style=\"font-weight: 400;\">6 (six)<\/span><\/td>\n<\/tr>\n<tr>\n<td><span style=\"font-weight: 400;\">Fatima Derli\u0107<\/span><\/td>\n<td><span style=\"font-weight: 400;\">6 (six)<\/span><\/td>\n<\/tr>\n<tr>\n<td><span style=\"font-weight: 400;\">Amina Salkic<\/span><\/td>\n<td><span style=\"font-weight: 400;\">6 (six)<\/span><\/td>\n<\/tr>\n<tr>\n<td><span style=\"font-weight: 400;\">Armin Porca<\/span><\/td>\n<td><span style=\"font-weight: 400;\">6 (six)<\/span><\/td>\n<\/tr>\n<tr>\n<td><span style=\"font-weight: 400;\">Emira Bosniak<\/span><\/td>\n<td><span style=\"font-weight: 400;\">6 (six)<\/span><\/td>\n<\/tr>\n<tr>\n<td><span style=\"font-weight: 400;\">Adelisa Patkovic<\/span><\/td>\n<td><span style=\"font-weight: 400;\">6 (six)<\/span><\/td>\n<\/tr>\n<tr>\n<td><span style=\"font-weight: 400;\">Lejla Berbi\u0107<\/span><\/td>\n<td><span style=\"font-weight: 400;\">6 (six)<\/span><\/td>\n<\/tr>\n<tr>\n<td><span style=\"font-weight: 400;\">Aida Valenti\u0107<\/span><\/td>\n<td><span style=\"font-weight: 400;\">9 (nine)<\/span><\/td>\n<\/tr>\n<tr>\n<td><span style=\"font-weight: 400;\">Zeyneba Chelenka<\/span><\/td>\n<td><span style=\"font-weight: 400;\">9 (nine)<\/span><\/td>\n<\/tr>\n<tr>\n<td><span style=\"font-weight: 400;\">Anida Draguni\u0107<\/span><\/td>\n<td><span style=\"font-weight: 400;\">9 (nine)<\/span><\/td>\n<\/tr>\n<tr>\n<td><span style=\"font-weight: 400;\">Nermana \u010camd\u017ei\u0107<\/span><\/td>\n<td><span style=\"font-weight: 400;\">9 (nine)<\/span><\/td>\n<\/tr>\n<tr>\n<td><span style=\"font-weight: 400;\">Zinajda Emu\u0161i\u0107<\/span><\/td>\n<td><span style=\"font-weight: 400;\">8 (eight)<\/span><\/td>\n<\/tr>\n<tr>\n<td><span style=\"font-weight: 400;\">Adna Zolota<\/span><\/td>\n<td><span style=\"font-weight: 400;\">9 (nine)<\/span><\/td>\n<\/tr>\n<\/tbody>\n<\/table>\n<p><em><span style=\"font-weight: 400;\">Assoc. Ph.D. Edina Solak<\/span><\/em><\/p>","protected":false},"excerpt":{"rendered":"<p>Lamija \u0160ehi\u0107 6 (six) Fatima Derli\u0107 6 (six) Amina Salki\u0107...<\/p>","protected":false},"author":7,"featured_media":0,"comment_status":"closed","ping_status":"closed","sticky":false,"template":"","format":"standard","meta":{"footnotes":""},"categories":[41,47],"tags":[],"class_list":["post-10668","post","type-post","status-publish","format-standard","hentry","category-sve","category-turski-jezik-i-knjizevnost","entry","no-media"],"rttpg_featured_image_url":null,"rttpg_author":{"display_name":"Filozofski","author_link":"https:\/\/ff.unze.ba\/en\/author\/filozofski\/"},"rttpg_comment":0,"rttpg_category":"<a href=\"https:\/\/ff.unze.ba\/en\/obavijesti\/sve\/\" rel=\"category tag\">Sve<\/a> <a href=\"https:\/\/ff.unze.ba\/en\/obavijesti\/turkish-language-and-literature\/\" rel=\"category tag\">Turski jezik i knji\u017eevnost<\/a>","rttpg_excerpt":"Lamija \u0160ehi\u0107 6 (\u0161est) Fatima Derli\u0107 6 (\u0161est) Amina Salki\u0107&hellip;","_links":{"self":[{"href":"https:\/\/ff.unze.ba\/en\/wp-json\/wp\/v2\/posts\/10668","targetHints":{"allow":["GET"]}}],"collection":[{"href":"https:\/\/ff.unze.ba\/en\/wp-json\/wp\/v2\/posts"}],"about":[{"href":"https:\/\/ff.unze.ba\/en\/wp-json\/wp\/v2\/types\/post"}],"author":[{"embeddable":true,"href":"https:\/\/ff.unze.ba\/en\/wp-json\/wp\/v2\/users\/7"}],"replies":[{"embeddable":true,"href":"https:\/\/ff.unze.ba\/en\/wp-json\/wp\/v2\/comments?post=10668"}],"version-history":[{"count":1,"href":"https:\/\/ff.unze.ba\/en\/wp-json\/wp\/v2\/posts\/10668\/revisions"}],"predecessor-version":[{"id":10669,"href":"https:\/\/ff.unze.ba\/en\/wp-json\/wp\/v2\/posts\/10668\/revisions\/10669"}],"wp:attachment":[{"href":"https:\/\/ff.unze.ba\/en\/wp-json\/wp\/v2\/media?parent=10668"}],"wp:term":[{"taxonomy":"category","embeddable":true,"href":"https:\/\/ff.unze.ba\/en\/wp-json\/wp\/v2\/categories?post=10668"},{"taxonomy":"post_tag","embeddable":true,"href":"https:\/\/ff.unze.ba\/en\/wp-json\/wp\/v2\/tags?post=10668"}],"curies":[{"name":"wp","href":"https:\/\/api.w.org\/{rel}","templated":true}]}}